{"id":1524,"date":"2026-09-04T16:03:52","date_gmt":"2026-09-04T19:03:52","guid":{"rendered":"https:\/\/www.juanpabloylas.cl\/inicio\/?p=1524"},"modified":"2026-09-04T16:03:52","modified_gmt":"2026-09-04T19:03:52","slug":"lanzan-estrategia-que-permitira-detectar-a-tiempo-canceres-digestivos-y-evitar-invasivos-examenes","status":"publish","type":"post","link":"https:\/\/www.juanpabloylas.cl\/inicio\/lanzan-estrategia-que-permitira-detectar-a-tiempo-canceres-digestivos-y-evitar-invasivos-examenes\/","title":{"rendered":"Lanzan estrategia que permitir\u00e1 detectar a tiempo c\u00e1nceres digestivos y evitar invasivos ex\u00e1menes."},"content":{"rendered":"\n<p class=\"wp-block-paragraph\">\u00bfSab\u00eda usted que los c\u00e1nceres digestivos son de las enfermedades oncol\u00f3gicas<br>m\u00e1s comunes y mortales del pa\u00eds? As\u00ed es, especialmente el colorrectal y el<br>g\u00e1strico. Incluso, regionalmente, constituyen las primeras mayor\u00edas en \u00e1reas<br>menos pobladas o rurales de las provincias de Choapa y Limar\u00ed. Es en ese<br>escenario, que se lanz\u00f3 regionalmente, en el CESFAM illapelino Villa San Rafael,<br>la Estrategia de Detecci\u00f3n Precoz de estas patolog\u00edas en centros y postas de<br>Atenci\u00f3n Primaria de Salud (APS).<br>\u201cLa comunidad de ac\u00e1 est\u00e1 muy agradecida de esta implementaci\u00f3n, nosotros<br>ac\u00e1 felices de que Canela e Illapel seamos las pioneras en esto de los c\u00e1nceres<br>digestivos y estamos muy contentos porque la comunidad va a poder ahorrar<br>bastante platita con los ex\u00e1menes que actualmente tienen que hacerse. Muchas<br>personas no tienen el dinero como para gastar para ese tipo de ex\u00e1menes, va a<br>ser mucho m\u00e1s f\u00e1cil la vida en s\u00ed\u201d, expres\u00f3 Rosaura Araya, Presidenta del Consejo<br>Consultivo del CESFAM Villa San Rafael.<br>Julio Contreras, Presidente del Consejo Consultivo del Hospital de Illapel tambi\u00e9n<br>valor\u00f3 positivamente este anuncio. \u201cSeptiembre nos trajo una grata noticia para la<br>Provincia de Chopa, que es acceder a estos dos importantes ex\u00e1menes para la<br>prevenci\u00f3n del c\u00e1ncer colorrectal y el Helicobacter pylori que produce c\u00e1ncer<br>g\u00e1strico. Ahora a trav\u00e9s de la Atenci\u00f3n Primaria de Salud podremos acceder a<br>estos ex\u00e1menes y evitar viajes hacia otros centros m\u00e1s especializados\u201d.<br>Esta iniciativa permite pesquisar a tiempo dichas enfermedades, reducir las listas<br>de espera y evitar la realizaci\u00f3n de invasivas colonoscop\u00edas o endoscop\u00edas, que<br>pueden ser innecesarias, ahorrando tiempo y dinero, por un lado, y haciendo un<br>uso m\u00e1s eficiente de los recursos de la Red Asistencial P\u00fablica, por otro.<br>Al respecto, Ernesto Jorquera, Director del Servicio de Salud Coquimbo, destac\u00f3<br>que \u201ceste tipo de ex\u00e1menes no son invasivos, as\u00ed que ocasionan menos<\/p>\n\n\n\n<p class=\"wp-block-paragraph\">molestias&nbsp;y la colonoscop\u00eda y la endoscop\u00eda son procesos dolorosos y&nbsp;muchos de<br>ellos requieren alta capacidad de los equipos que la realizan. Esta estrategia<br>obedece a avances y estudios que se han realizado para poder empezar a<br>difundirlo como un examen que queremos sea de rutina a nivel pa\u00eds. Es una<br>ganancia para mejorar la calidad de vida de las personas, pero tambi\u00e9n en<br>t\u00e9rminos de poder dedicar recursos hacia otras tareas que tenemos como red<br>asistencial, as\u00ed es que queremos que esto se transforme en una muy buena<br>estrategia dentro de una l\u00ednea de c\u00e1nceres que son bastante agresivos y de<br>desarrollo muy acelerado cuando se detectan en etapas m\u00e1s tard\u00edas\u201d.<br>La implementaci\u00f3n nacional de esta detecci\u00f3n, comenz\u00f3 en 28 comunas de Chile,<br>entre las que se incluyen Illapel y Canela, lo que beneficiar\u00e1 a cerca de 900<br>personas en total, siendo estas comunas pioneras en la Provincia de Choapa. Ello,<br>gracias a una inversi\u00f3n de $36.678.930.<br>Karen Irribarra, Seremi de Salud de la Regi\u00f3n de Coquimbo, se\u00f1al\u00f3 que \u201cun<br>diagn\u00f3stico oportuno, veraz y efectivo no solamente permite ahorrar recursos, sino<br>que tambi\u00e9n genera mejoras y avances, y, sobre todo, posibilita un diagn\u00f3stico<br>precoz en las personas. son pol\u00edticas p\u00fablicas orientadas no solo al ahorro<br>econ\u00f3mico, sino tambi\u00e9n a mejorar la calidad de vida de nuestros pacientes. Se<br>eligieron 28 comunas a nivel nacional, entre ellas Illapel y Canela. La selecci\u00f3n se<br>realiz\u00f3 considerando, por una parte, la tasa epidemiol\u00f3gica de los distintos tipos<br>de c\u00e1ncer y, adicionalmente, la simplicidad del examen, que permite obtener un<br>diagn\u00f3stico mucho m\u00e1s precoz y efectivo para las personas\u201d.<br>Adem\u00e1s, esta estrategia refuerza el rol de la APS en la pesquisa inicial de estas<br>afecciones digestivas, que potencialmente, pueden evolucionar. La detecci\u00f3n<br>precoz se realiza mediante dos ex\u00e1menes no invasivos que hacen posible<br>intervenir en etapas curables y menos complejas. Se trata del Test Inmunoqu\u00edmico<br>Fecal cuantitativo y el Test de Ant\u00edgeno en Deposiciones para Helicobacter pylori,<br>que es el principal factor de riesgo modificable para el c\u00e1ncer g\u00e1strico.<br>Denis Cort\u00e9s, Alcalde de Illapel, sostuvo que \u201cpara nosotros es fundamental que el<br>Ministerio de Salud haya elegido a las comunas de Canela e Illapel para poder<br>hacer esto pionero que tiene que ver con la detecci\u00f3n temprana de este c\u00e1ncer<br>colorrectal y g\u00e1strico, es un desaf\u00edo que estamos dispuestos a asumir, creemos<br>que lo vamos a hacer de manera correcta y por cierto que este es una ayuda<br>tambi\u00e9n a los vecinos de Illapel y Canela\u201d.<br>Mientras que Carlos Beiza, Jefe del Departamento de Salud de Canela, coment\u00f3<br>que \u201cpara nosotros, es s\u00faper relevante porque somos una comuna que no tiene<br>otro dispositivo de salud, por lo tanto, el CESFAM es el \u00fanico establecimiento para<\/p>\n\n\n\n<p class=\"wp-block-paragraph\">atender a la poblaci\u00f3n, as\u00ed que es muy importante que la mayor cantidad<br>prestaciones y ex\u00e1menes puedan realizarse en ese lugar\u201d.<br>En tanto que, Cristian Rondanelli, Delegado Presidencial Provincial de Choapa,<br>indic\u00f3 que \u201cestamos orgullosos como provincia de que estas pol\u00edticas p\u00fablicas en<br>torno a la prevenci\u00f3n del c\u00e1ncer se puedan implementar inicialmente ac\u00e1 en<br>Canela e Illapel. Para nosotros como gobierno del presidente Jos\u00e9 Antonio Kast es<br>fundamental tratar el c\u00e1ncer, tanto en resolver la lista de espera como la<br>prevenci\u00f3n y esta estrategia apunta justamente a eso\u201d.<br>\u00bfC\u00d3MO SON LOS EX\u00c1MENES QUE INCLUYE?<br>Para el c\u00e1ncer colorrectal, contempla la realizaci\u00f3n del \u201cFIT\u201d cuantitativo (Test<br>Inmunoqu\u00edmico Fecal) para hombres y mujeres, de 50 a 69 a\u00f1os, que presenten<br>s\u00edntomas digestivos bajos, como dolor abdominal persistente, cambio del h\u00e1bito<br>intestinal, expulsi\u00f3n de sangre a trav\u00e9s del ano, entre otros. Si es positivo, se<br>activa como GES y si es negativo, evita realizar una colonoscop\u00eda. Adem\u00e1s,<br>permite un 91% de ahorro en promedio.<br>Para el c\u00e1ncer g\u00e1strico, incluye la Toma del Test de Ant\u00edgeno en Deposiciones de<br>la bacteria Helicobacter pylori. Es para pacientes de ambos sexos, de 30 a 39<br>a\u00f1os, con s\u00edntomas digestivos altos, c\u00f3mo acidez, n\u00e1useas, dolor abdominal,<br>regurgitaci\u00f3n, entre otros. Si es positivo, tambi\u00e9n se activa el GES y si es negativo,<br>se evita una endoscop\u00eda, posibilitando un 95,9% de ahorro en promedio.<br>En ambos casos, profesionales capacitados dan las instrucciones al paciente para<br>ejecutar el examen, entregando frascos para las deposiciones, las que<br>posteriormente, ser\u00e1n recibidas para procesarse en el Laboratorio Cl\u00ednico del<br>Hospital de Illapel.<\/p>\n","protected":false},"excerpt":{"rendered":"<p>\u00bfSab\u00eda usted que los c\u00e1nceres digestivos son de las enfermedades oncol\u00f3gicasm\u00e1s comunes y mortales del pa\u00eds? As\u00ed es, especialmente el colorrectal y elg\u00e1strico. Incluso, regionalmente, constituyen las primeras mayor\u00edas en \u00e1reasmenos pobladas o rurales de las provincias de Choapa y Limar\u00ed. Es en eseescenario, que se lanz\u00f3 regionalmente, en el CESFAM illapelino Villa San Rafael,la&#8230;<\/p>\n<p class=\"more-link-wrap\"><a href=\"https:\/\/www.juanpabloylas.cl\/inicio\/lanzan-estrategia-que-permitira-detectar-a-tiempo-canceres-digestivos-y-evitar-invasivos-examenes\/\" class=\"more-link\">Leer mas &#8230;<span class=\"screen-reader-text\"> &ldquo;Lanzan estrategia que permitir\u00e1 detectar a tiempo c\u00e1nceres digestivos y evitar invasivos ex\u00e1menes.&rdquo;<\/span> &raquo;<\/a><\/p>\n","protected":false},"author":2,"featured_media":1525,"comment_status":"closed","ping_status":"open","sticky":false,"template":"","format":"standard","meta":{"footnotes":""},"categories":[3],"tags":[],"class_list":["post-1524","post","type-post","status-publish","format-standard","has-post-thumbnail","hentry","category-ciudad"],"nelio_popups_active_popup":"","_links":{"self":[{"href":"https:\/\/www.juanpabloylas.cl\/inicio\/wp-json\/wp\/v2\/posts\/1524","targetHints":{"allow":["GET"]}}],"collection":[{"href":"https:\/\/www.juanpabloylas.cl\/inicio\/wp-json\/wp\/v2\/posts"}],"about":[{"href":"https:\/\/www.juanpabloylas.cl\/inicio\/wp-json\/wp\/v2\/types\/post"}],"author":[{"embeddable":true,"href":"https:\/\/www.juanpabloylas.cl\/inicio\/wp-json\/wp\/v2\/users\/2"}],"replies":[{"embeddable":true,"href":"https:\/\/www.juanpabloylas.cl\/inicio\/wp-json\/wp\/v2\/comments?post=1524"}],"version-history":[{"count":1,"href":"https:\/\/www.juanpabloylas.cl\/inicio\/wp-json\/wp\/v2\/posts\/1524\/revisions"}],"predecessor-version":[{"id":1526,"href":"https:\/\/www.juanpabloylas.cl\/inicio\/wp-json\/wp\/v2\/posts\/1524\/revisions\/1526"}],"wp:featuredmedia":[{"embeddable":true,"href":"https:\/\/www.juanpabloylas.cl\/inicio\/wp-json\/wp\/v2\/media\/1525"}],"wp:attachment":[{"href":"https:\/\/www.juanpabloylas.cl\/inicio\/wp-json\/wp\/v2\/media?parent=1524"}],"wp:term":[{"taxonomy":"category","embeddable":true,"href":"https:\/\/www.juanpabloylas.cl\/inicio\/wp-json\/wp\/v2\/categories?post=1524"},{"taxonomy":"post_tag","embeddable":true,"href":"https:\/\/www.juanpabloylas.cl\/inicio\/wp-json\/wp\/v2\/tags?post=1524"}],"curies":[{"name":"wp","href":"https:\/\/api.w.org\/{rel}","templated":true}]}}