{"id":1515,"date":"2026-09-02T11:45:19","date_gmt":"2026-09-02T14:45:19","guid":{"rendered":"https:\/\/www.juanpabloylas.cl\/inicio\/?p=1515"},"modified":"2026-09-02T11:45:19","modified_gmt":"2026-09-02T14:45:19","slug":"municipalidad-de-los-vilos-culmina-recuperacion-del-borde-costero-de-pichidangui","status":"publish","type":"post","link":"https:\/\/www.juanpabloylas.cl\/inicio\/municipalidad-de-los-vilos-culmina-recuperacion-del-borde-costero-de-pichidangui\/","title":{"rendered":"Municipalidad de Los Vilos culmina recuperaci\u00f3n del borde costero de Pichidangui."},"content":{"rendered":"\n<p class=\"wp-block-paragraph\">a Municipalidad de Los Vilos inform\u00f3 la culminaci\u00f3n de los trabajos de recuperaci\u00f3n del borde costero de Pichidangui, luego de las labores desarrolladas por la Direcci\u00f3n de Medio Ambiente, Aseo y Ornato, para enfrentar los efectos provocados por el reciente sistema frontal.<\/p>\n\n\n\n<p class=\"wp-block-paragraph\">El evento meteorol\u00f3gico gener\u00f3 el arrastre y acumulaci\u00f3n de una importante cantidad de residuos, basura y material org\u00e1nico en distintos puntos del borde costero, afectando las condiciones habituales de este emblem\u00e1tico sector tur\u00edstico de la comuna.<\/p>\n\n\n\n<p class=\"wp-block-paragraph\">Ante esta situaci\u00f3n, equipos municipales desplegaron un operativo de limpieza y recuperaci\u00f3n, enfocado principalmente en el retiro de basura y material org\u00e1nico depositado por el sistema frontal, permitiendo avanzar progresivamente en la recuperaci\u00f3n del sector hasta completar la totalidad del borde costero. Durante diferentes instancias tambi\u00e9n apoyaron particulares y comerciantes del sector.<\/p>\n\n\n\n<p class=\"wp-block-paragraph\">El alcalde Christian Gross destac\u00f3 el trabajo realizado por los funcionarios que permiti\u00f3 recuperar las condiciones del borde costero y devolver a la comunidad y a los visitantes un espacio limpio, ordenado y en mejores condiciones para su uso.<\/p>\n\n\n\n<p class=\"wp-block-paragraph\">La recuperaci\u00f3n del principal borde costero representa adem\u00e1s una acci\u00f3n concreta de protecci\u00f3n y cuidado del entorno, especialmente considerando el valor tur\u00edstico, ambiental y comunitario que tiene este sector para la comuna de Los Vilos.<\/p>\n\n\n\n<p class=\"wp-block-paragraph\">De esta manera, la Municipalidad de Los Vilos reafirma su compromiso con el cuidado del medio ambiente y con la recuperaci\u00f3n y puesta en valor de los espacios p\u00fablicos de la comuna.<\/p>\n","protected":false},"excerpt":{"rendered":"<p>a Municipalidad de Los Vilos inform\u00f3 la culminaci\u00f3n de los trabajos de recuperaci\u00f3n del borde costero de Pichidangui, luego de las labores desarrolladas por la Direcci\u00f3n de Medio Ambiente, Aseo y Ornato, para enfrentar los efectos provocados por el reciente sistema frontal. El evento meteorol\u00f3gico gener\u00f3 el arrastre y acumulaci\u00f3n de una importante cantidad de&#8230;<\/p>\n<p class=\"more-link-wrap\"><a href=\"https:\/\/www.juanpabloylas.cl\/inicio\/municipalidad-de-los-vilos-culmina-recuperacion-del-borde-costero-de-pichidangui\/\" class=\"more-link\">Leer mas &#8230;<span class=\"screen-reader-text\"> &ldquo;Municipalidad de Los Vilos culmina recuperaci\u00f3n del borde costero de Pichidangui.&rdquo;<\/span> &raquo;<\/a><\/p>\n","protected":false},"author":2,"featured_media":1516,"comment_status":"closed","ping_status":"open","sticky":false,"template":"","format":"standard","meta":{"footnotes":""},"categories":[3],"tags":[],"class_list":["post-1515","post","type-post","status-publish","format-standard","has-post-thumbnail","hentry","category-ciudad"],"nelio_popups_active_popup":"","_links":{"self":[{"href":"https:\/\/www.juanpabloylas.cl\/inicio\/wp-json\/wp\/v2\/posts\/1515","targetHints":{"allow":["GET"]}}],"collection":[{"href":"https:\/\/www.juanpabloylas.cl\/inicio\/wp-json\/wp\/v2\/posts"}],"about":[{"href":"https:\/\/www.juanpabloylas.cl\/inicio\/wp-json\/wp\/v2\/types\/post"}],"author":[{"embeddable":true,"href":"https:\/\/www.juanpabloylas.cl\/inicio\/wp-json\/wp\/v2\/users\/2"}],"replies":[{"embeddable":true,"href":"https:\/\/www.juanpabloylas.cl\/inicio\/wp-json\/wp\/v2\/comments?post=1515"}],"version-history":[{"count":1,"href":"https:\/\/www.juanpabloylas.cl\/inicio\/wp-json\/wp\/v2\/posts\/1515\/revisions"}],"predecessor-version":[{"id":1517,"href":"https:\/\/www.juanpabloylas.cl\/inicio\/wp-json\/wp\/v2\/posts\/1515\/revisions\/1517"}],"wp:featuredmedia":[{"embeddable":true,"href":"https:\/\/www.juanpabloylas.cl\/inicio\/wp-json\/wp\/v2\/media\/1516"}],"wp:attachment":[{"href":"https:\/\/www.juanpabloylas.cl\/inicio\/wp-json\/wp\/v2\/media?parent=1515"}],"wp:term":[{"taxonomy":"category","embeddable":true,"href":"https:\/\/www.juanpabloylas.cl\/inicio\/wp-json\/wp\/v2\/categories?post=1515"},{"taxonomy":"post_tag","embeddable":true,"href":"https:\/\/www.juanpabloylas.cl\/inicio\/wp-json\/wp\/v2\/tags?post=1515"}],"curies":[{"name":"wp","href":"https:\/\/api.w.org\/{rel}","templated":true}]}}