{"id":1512,"date":"2026-09-01T11:32:49","date_gmt":"2026-09-01T14:32:49","guid":{"rendered":"https:\/\/www.juanpabloylas.cl\/inicio\/?p=1512"},"modified":"2026-09-01T11:32:49","modified_gmt":"2026-09-01T14:32:49","slug":"sumate-a-lo-que-nos-une-teleton-coquimbo-busca-voluntarios-y-voluntarias-para-su-campana-solidaria-2026","status":"publish","type":"post","link":"https:\/\/www.juanpabloylas.cl\/inicio\/sumate-a-lo-que-nos-une-teleton-coquimbo-busca-voluntarios-y-voluntarias-para-su-campana-solidaria-2026\/","title":{"rendered":"\u201cS\u00famate a lo que nos une\u201d: Telet\u00f3n Coquimbo busca voluntarios y voluntarias para su campa\u00f1a solidaria 2026."},"content":{"rendered":"\n<p class=\"wp-block-paragraph\">Como parte de las actividades que buscan motivar al pa\u00eds para la campa\u00f1a de los d\u00edas 6<br>y 7 de noviembre, el Instituto Telet\u00f3n de Coquimbo dio inicio a las postulaciones para<br>ser parte del Voluntariado de Campa\u00f1a 2026.<br>La convocatoria busca conformar grupos de voluntarios y voluntarias que, entre<br>septiembre y noviembre, desarrollar\u00e1n actividades en terreno y en redes sociales. Su<br>labor incluye el tradicional afichaje, la Pintat\u00f3n, visitas a colegios, jardines<br>infantiles, universidades y empresas, adem\u00e1s de la difusi\u00f3n de los contenidos<br>oficiales de Telet\u00f3n en plataformas digitales, con el fin de motivar a m\u00e1s personas de la<br>regi\u00f3n de Coquimbo a sumarse a esta gran cruzada solidaria.<br>Los requisitos para postular son tener 18 a\u00f1os cumplidos o m\u00e1s, tener compromiso,<br>entusiasmo y vocaci\u00f3n de servicio, y contar con disponibilidad de al menos un turno<br>semanal de 4 horas por las ma\u00f1anas o las tardes.<br>Las inscripciones estar\u00e1n abiertas hasta el domingo 18 de octubre en<br><a href=\"http:\/\/www.teleton.cl\">www.teleton.cl<\/a> o directamente en el formulario habilitado en <a href=\"https:\/\/voluntariado-\">https:\/\/voluntariado-<\/a><br>teleton.cl\/Public\/Logincampania, el cual es la \u00fanica v\u00eda de postulaci\u00f3n. Junto con<br>ingresar sus datos personales, los aspirantes deber\u00e1n seleccionar el instituto m\u00e1s<br>cercano a su domicilio, en este caso, Coquimbo.<br>Las personas seleccionadas deber\u00e1n participar en una capacitaci\u00f3n obligatoria<br>\u2014presencial o remota\u2014 donde se entregar\u00e1n las normas de seguridad y lineamientos<br>institucionales para el trabajo en campa\u00f1a.<br>\u201cQueremos que este a\u00f1o los voluntarios y voluntarias sean parte del orgullo de todo lo<br>que hemos logrado juntos como pa\u00eds. Necesitamos de su energ\u00eda y compromiso para<br>seguir brindando oportunidades de rehabilitaci\u00f3n e inclusi\u00f3n a las cerca de 32 mil<br>familias que atendemos en Telet\u00f3n\u201d, se\u00f1al\u00f3 Aldo Orrigoni, director nacional de Gesti\u00f3n<br>Social y Voluntariado de Telet\u00f3n.<\/p>\n\n\n\n<p class=\"wp-block-paragraph\">En este contexto, el director nacional del Voluntariado de Telet\u00f3n hizo un llamado a ser<br>parte de esta importante instancia solidaria, que busca motivar a todo el pa\u00eds a ser parte<br>de la campa\u00f1a de los d\u00edas 6 y 7 de noviembre.<\/p>\n","protected":false},"excerpt":{"rendered":"<p>Como parte de las actividades que buscan motivar al pa\u00eds para la campa\u00f1a de los d\u00edas 6y 7 de noviembre, el Instituto Telet\u00f3n de Coquimbo dio inicio a las postulaciones paraser parte del Voluntariado de Campa\u00f1a 2026.La convocatoria busca conformar grupos de voluntarios y voluntarias que, entreseptiembre y noviembre, desarrollar\u00e1n actividades en terreno y en&#8230;<\/p>\n<p class=\"more-link-wrap\"><a href=\"https:\/\/www.juanpabloylas.cl\/inicio\/sumate-a-lo-que-nos-une-teleton-coquimbo-busca-voluntarios-y-voluntarias-para-su-campana-solidaria-2026\/\" class=\"more-link\">Leer mas &#8230;<span class=\"screen-reader-text\"> &ldquo;\u201cS\u00famate a lo que nos une\u201d: Telet\u00f3n Coquimbo busca voluntarios y voluntarias para su campa\u00f1a solidaria 2026.&rdquo;<\/span> &raquo;<\/a><\/p>\n","protected":false},"author":2,"featured_media":1513,"comment_status":"closed","ping_status":"open","sticky":false,"template":"","format":"standard","meta":{"footnotes":""},"categories":[3],"tags":[],"class_list":["post-1512","post","type-post","status-publish","format-standard","has-post-thumbnail","hentry","category-ciudad"],"nelio_popups_active_popup":"","_links":{"self":[{"href":"https:\/\/www.juanpabloylas.cl\/inicio\/wp-json\/wp\/v2\/posts\/1512","targetHints":{"allow":["GET"]}}],"collection":[{"href":"https:\/\/www.juanpabloylas.cl\/inicio\/wp-json\/wp\/v2\/posts"}],"about":[{"href":"https:\/\/www.juanpabloylas.cl\/inicio\/wp-json\/wp\/v2\/types\/post"}],"author":[{"embeddable":true,"href":"https:\/\/www.juanpabloylas.cl\/inicio\/wp-json\/wp\/v2\/users\/2"}],"replies":[{"embeddable":true,"href":"https:\/\/www.juanpabloylas.cl\/inicio\/wp-json\/wp\/v2\/comments?post=1512"}],"version-history":[{"count":1,"href":"https:\/\/www.juanpabloylas.cl\/inicio\/wp-json\/wp\/v2\/posts\/1512\/revisions"}],"predecessor-version":[{"id":1514,"href":"https:\/\/www.juanpabloylas.cl\/inicio\/wp-json\/wp\/v2\/posts\/1512\/revisions\/1514"}],"wp:featuredmedia":[{"embeddable":true,"href":"https:\/\/www.juanpabloylas.cl\/inicio\/wp-json\/wp\/v2\/media\/1513"}],"wp:attachment":[{"href":"https:\/\/www.juanpabloylas.cl\/inicio\/wp-json\/wp\/v2\/media?parent=1512"}],"wp:term":[{"taxonomy":"category","embeddable":true,"href":"https:\/\/www.juanpabloylas.cl\/inicio\/wp-json\/wp\/v2\/categories?post=1512"},{"taxonomy":"post_tag","embeddable":true,"href":"https:\/\/www.juanpabloylas.cl\/inicio\/wp-json\/wp\/v2\/tags?post=1512"}],"curies":[{"name":"wp","href":"https:\/\/api.w.org\/{rel}","templated":true}]}}