{"id":1510,"date":"2026-09-01T11:29:37","date_gmt":"2026-09-01T14:29:37","guid":{"rendered":"https:\/\/www.juanpabloylas.cl\/inicio\/?p=1510"},"modified":"2026-09-01T11:29:37","modified_gmt":"2026-09-01T14:29:37","slug":"7-de-10-personas-fallecidas-por-influenza-en-la-region-no-estaban-vacunadas","status":"publish","type":"post","link":"https:\/\/www.juanpabloylas.cl\/inicio\/7-de-10-personas-fallecidas-por-influenza-en-la-region-no-estaban-vacunadas\/","title":{"rendered":"7 de 10 personas fallecidas por influenza en la regi\u00f3n no estaban vacunadas."},"content":{"rendered":"\n<p class=\"wp-block-paragraph\">La Seremi de Salud de Coquimbo inform\u00f3 que, de acuerdo con el<br>an\u00e1lisis realizado por la Unidad de Epidemiolog\u00eda, casi 7 de cada 10<br>personas fallecidas por influenza en la regi\u00f3n no contaban con registro<br>de vacunaci\u00f3n correspondiente a la campa\u00f1a 2026.<br>Ante estos antecedentes, la Seremi de Salud de la regi\u00f3n, Karen<br>Irribarra Vergara, reforz\u00f3 el llamado a vacunarse, especialmente<br>considerando que la mayor\u00eda de las defunciones corresponde a personas<br>mayores.<br>\u201cEn nuestra regi\u00f3n, casi el 70% de las personas fallecidas por influenza<br>no contaba con su vacuna y la mayor\u00eda corresponde a personas<br>mayores. Por eso, queremos recordar que la vacuna contin\u00faa disponible<br>de manera gratuita en los centros de salud y reforzar su importancia<\/p>\n\n\n\n<p class=\"wp-block-paragraph\">como una medida de protecci\u00f3n que permite disminuir el riesgo de<br>enfermar gravemente y presentar complicaciones\u201d, se\u00f1al\u00f3 la Autoridad<br>Sanitaria.<br>Actualmente, las personas mayores alcanzan una cobertura de<br>vacunaci\u00f3n de un 57%, con m\u00e1s de 108 mil personas vacunadas. Sin<br>embargo, la meta de protecci\u00f3n para este grupo corresponde al 85%.<br>\u201cTodav\u00eda estamos a tiempo de protegernos. En la regi\u00f3n contamos con<br>m\u00e1s de 50 puntos de vacunaci\u00f3n disponibles, por eso invitamos<br>especialmente a quienes pertenecen a los grupos de mayor riesgo a<br>acercarse y recibir su vacuna. Es importante aumentar las coberturas<br>frente al escenario de mayor circulaci\u00f3n de virus respiratorios que<br>estamos observando\u201d, agreg\u00f3 Irribarra.<br>Circulaci\u00f3n viral en aumento:<br>Actualmente, la Regi\u00f3n de Coquimbo presenta una circulaci\u00f3n<br>simult\u00e1nea de distintos virus respiratorios, entre ellos rinovirus, Virus<br>Respiratorio Sincicial (VRS) e influenza.<br>Durante las \u00faltimas tres semanas se ha observado una tendencia al<br>aumento de casos, en un escenario marcado por el retorno a clases<br>despu\u00e9s de las vacaciones escolares, la suspensi\u00f3n de clases producto<br>del reciente evento climatol\u00f3gico y una mayor circulaci\u00f3n de agentes<br>que no hab\u00edan sido detectados durante semanas anteriores.<br>De acuerdo con la vigilancia epidemiol\u00f3gica, actualmente se registra<br>circulaci\u00f3n de rinovirus (43,9%), Virus Respiratorio Sincicial (21,5%),<br>adenovirus (8,4%), influenza B (7,5%), metapneumovirus (7,5%),<br>influenza A (3,7%) y parainfluenza (2,8%), entre otros.<\/p>\n\n\n\n<p class=\"wp-block-paragraph\">\u201cEl grupo de mayor afectaci\u00f3n corresponde a ni\u00f1os y ni\u00f1as menores de<br>5 a\u00f1os, por lo que es importante reforzar las medidas de prevenci\u00f3n en<br>los m\u00e1s peque\u00f1os. Junto con mantener al d\u00eda la vacunaci\u00f3n contra la<br>influenza, debemos continuar con medidas sencillas como el lavado<br>frecuente de manos, el uso de mascarilla cuando corresponda, la<br>ventilaci\u00f3n de los espacios y evitar aglomeraciones en lugares cerrados<br>y sin ventilaci\u00f3n\u201d, sostuvo la Seremi de Salud, Karen Irribarra.<\/p>\n","protected":false},"excerpt":{"rendered":"<p>La Seremi de Salud de Coquimbo inform\u00f3 que, de acuerdo con elan\u00e1lisis realizado por la Unidad de Epidemiolog\u00eda, casi 7 de cada 10personas fallecidas por influenza en la regi\u00f3n no contaban con registrode vacunaci\u00f3n correspondiente a la campa\u00f1a 2026.Ante estos antecedentes, la Seremi de Salud de la regi\u00f3n, KarenIrribarra Vergara, reforz\u00f3 el llamado a vacunarse,&#8230;<\/p>\n<p class=\"more-link-wrap\"><a href=\"https:\/\/www.juanpabloylas.cl\/inicio\/7-de-10-personas-fallecidas-por-influenza-en-la-region-no-estaban-vacunadas\/\" class=\"more-link\">Leer mas &#8230;<span class=\"screen-reader-text\"> &ldquo;7 de 10 personas fallecidas por influenza en la regi\u00f3n no estaban vacunadas.&rdquo;<\/span> &raquo;<\/a><\/p>\n","protected":false},"author":2,"featured_media":1184,"comment_status":"closed","ping_status":"open","sticky":false,"template":"","format":"standard","meta":{"footnotes":""},"categories":[3],"tags":[],"class_list":["post-1510","post","type-post","status-publish","format-standard","has-post-thumbnail","hentry","category-ciudad"],"nelio_popups_active_popup":"","_links":{"self":[{"href":"https:\/\/www.juanpabloylas.cl\/inicio\/wp-json\/wp\/v2\/posts\/1510","targetHints":{"allow":["GET"]}}],"collection":[{"href":"https:\/\/www.juanpabloylas.cl\/inicio\/wp-json\/wp\/v2\/posts"}],"about":[{"href":"https:\/\/www.juanpabloylas.cl\/inicio\/wp-json\/wp\/v2\/types\/post"}],"author":[{"embeddable":true,"href":"https:\/\/www.juanpabloylas.cl\/inicio\/wp-json\/wp\/v2\/users\/2"}],"replies":[{"embeddable":true,"href":"https:\/\/www.juanpabloylas.cl\/inicio\/wp-json\/wp\/v2\/comments?post=1510"}],"version-history":[{"count":1,"href":"https:\/\/www.juanpabloylas.cl\/inicio\/wp-json\/wp\/v2\/posts\/1510\/revisions"}],"predecessor-version":[{"id":1511,"href":"https:\/\/www.juanpabloylas.cl\/inicio\/wp-json\/wp\/v2\/posts\/1510\/revisions\/1511"}],"wp:featuredmedia":[{"embeddable":true,"href":"https:\/\/www.juanpabloylas.cl\/inicio\/wp-json\/wp\/v2\/media\/1184"}],"wp:attachment":[{"href":"https:\/\/www.juanpabloylas.cl\/inicio\/wp-json\/wp\/v2\/media?parent=1510"}],"wp:term":[{"taxonomy":"category","embeddable":true,"href":"https:\/\/www.juanpabloylas.cl\/inicio\/wp-json\/wp\/v2\/categories?post=1510"},{"taxonomy":"post_tag","embeddable":true,"href":"https:\/\/www.juanpabloylas.cl\/inicio\/wp-json\/wp\/v2\/tags?post=1510"}],"curies":[{"name":"wp","href":"https:\/\/api.w.org\/{rel}","templated":true}]}}