{"id":1507,"date":"2026-08-31T11:28:28","date_gmt":"2026-08-31T14:28:28","guid":{"rendered":"https:\/\/www.juanpabloylas.cl\/inicio\/?p=1507"},"modified":"2026-08-31T11:28:28","modified_gmt":"2026-08-31T14:28:28","slug":"estudiantes-de-canela-obtienen-el-primerlugar-en-la-feria-antartica-escolar-del-ministerio-de-ciencia-y-tecnologia","status":"publish","type":"post","link":"https:\/\/www.juanpabloylas.cl\/inicio\/estudiantes-de-canela-obtienen-el-primerlugar-en-la-feria-antartica-escolar-del-ministerio-de-ciencia-y-tecnologia\/","title":{"rendered":"Estudiantes de Canela obtienen el primerlugar en la Feria Ant\u00e1rtica Escolar del Ministerio de Ciencia y Tecnolog\u00eda."},"content":{"rendered":"\n<p class=\"wp-block-paragraph\">Una destacada participaci\u00f3n tuvo la Regi\u00f3n de Coquimbo en la XXIII<br>Feria Ant\u00e1rtica Escolar (FAE) 2026, luego de que las estudiantes Ash<br>Molina, de tercero medio, y Alejandra Sandoval, de cuarto medio,<br>del Liceo Polivalente Padre Jos\u00e9 Herde Pohler de la comuna de Canela,<br>obtuvieran el primer lugar en la instancia nacional desarrollada en<br>Punta Arenas.<br>Llegaron junto a su profesor gu\u00eda, Daniel Galaz, para presentar una<br>investigaci\u00f3n vinculada a la energ\u00eda mareomotriz, tem\u00e1tica que<br>escogieron por su car\u00e1cter innovador y el inter\u00e9s de aportar, desde la<br>investigaci\u00f3n escolar, a la generaci\u00f3n de nuevos conocimientos.<br>El logro cobra especial relevancia considerando que la Feria Ant\u00e1rtica<br>Escolar 2026 recibi\u00f3 413 proyectos provenientes de las 16 regiones<br>de Chile, de los cuales solo 15 fueron seleccionados para participar de<br>la etapa nacional en Punta Arenas. Entre ellos estuvo la investigaci\u00f3n<br>desarrollada por las estudiantes de Canela, que finalmente alcanz\u00f3 el<br>primer lugar de la competencia.<br>Previo a su viaje, Alejandra Sandoval explic\u00f3 las razones que las<br>llevaron a desarrollar la investigaci\u00f3n. \u201cLo que nos motiv\u00f3<br>principalmente a nuestro proyecto fue trabajar juntas y la<br>investigaci\u00f3n de algo innovador, algo que nunca hab\u00edan visto<br>principalmente en Chile por la poca existencia de la energ\u00eda<br>mareomotriz\u201d, se\u00f1al\u00f3 la estudiante de cuarto medio.<\/p>\n\n\n\n<p class=\"wp-block-paragraph\">Seremi de Ciencia, Tecnolog\u00eda, Conocimiento e Innovaci\u00f3n de la Regi\u00f3n de Coquimbo.<br>Por su parte, Ash Molina destac\u00f3 que uno de sus principales objetivos al<br>participar era ampliar sus conocimientos y vincularse con otras personas<br>interesadas en la ciencia. \u201cLo que nosotras esperamos despu\u00e9s de<br>este logro es obtener mayor conocimiento sobre la ciencia, ya<br>que ese fue uno de los motivos por los que participamos, conocer<br>gente de esta materia y quedarnos con la chispa de que<br>logramos algo para la comunidad\u201d, expres\u00f3 la estudiante de tercero<br>medio.<br>La obtenci\u00f3n del primer lugar permitir\u00e1 a las estudiantes continuar una<br>experiencia cient\u00edfica que comenz\u00f3 desde la provincia de Choapa y que<br>ahora tendr\u00e1 como pr\u00f3ximo destino la Ant\u00e1rtica, como parte de la<br>Expedici\u00f3n Ant\u00e1rtica Escolar.<br>La Seremi de Ciencia, Tecnolog\u00eda, Conocimiento e Innovaci\u00f3n de la<br>Regi\u00f3n de Coquimbo, Mait\u00e9 Arenas Rojas, valor\u00f3 el resultado<br>alcanzado por las estudiantes y destac\u00f3 la importancia de generar<br>oportunidades para que ni\u00f1as, ni\u00f1os y j\u00f3venes de todos los territorios<br>puedan acercarse tempranamente a la investigaci\u00f3n cient\u00edfica.<br>\u201cComo representante del Ministerio de Ciencia, Tecnolog\u00eda,<br>Conocimiento e Innovaci\u00f3n en la Regi\u00f3n de Coquimbo, estoy<br>profundamente orgullosa de este logro obtenido por el equipo<br>del Liceo Polivalente Padre Jos\u00e9 Herde Pohler de Canela.<br>Estuvimos con ellas, las despedimos antes de viajar y les<br>deseamos el mayor de los \u00e9xitos en esta experiencia.<br>Prontamente las vamos a recibir con el mayor de los orgullos.<br>Sabemos que hicieron un tremendo trabajo al ser seleccionadas<br>entre 413 proyectos a nivel nacional y posteriormente obtener el<br>primer lugar, un logro no solo para la comuna de Canela, sino<br>para toda la Regi\u00f3n de Coquimbo. Les deseamos el mayor de los<br>\u00e9xitos y sabemos que este es solo el inicio de un tremendo<br>futuro para ellas\u201d, se\u00f1al\u00f3 la Seremi Mait\u00e9 Arenas.<br>Desde la Seremi de Ciencia tambi\u00e9n destacaron el trabajo realizado por<br>el profesor gu\u00eda Daniel Galaz, el acompa\u00f1amiento de las familias y el<br>respaldo de la comunidad educativa del Liceo Polivalente Padre Jos\u00e9<br>Herde Pohler, que han sido parte fundamental del proceso desarrollado<br>por las estudiantes.<br>La Feria Ant\u00e1rtica Escolar, organizada por el Instituto Ant\u00e1rtico<br>Chileno (INACH) y financiada por el Ministerio de Ciencia,<br>Tecnolog\u00eda, Conocimiento e Innovaci\u00f3n, busca acercar el<br>conocimiento ant\u00e1rtico a estudiantes de ense\u00f1anza media de todo Chile,<br>promoviendo la investigaci\u00f3n cient\u00edfica escolar y despertando nuevas<br>vocaciones vinculadas a la ciencia.<\/p>\n\n\n\n<p class=\"wp-block-paragraph\">Seremi de Ciencia, Tecnolog\u00eda, Conocimiento e Innovaci\u00f3n de la Regi\u00f3n de Coquimbo.<br>Con este resultado, Canela, la provincia de Choapa y la Regi\u00f3n de<br>Coquimbo alcanzan un importante reconocimiento nacional,<br>relevando el potencial de las nuevas generaciones para desarrollar<br>investigaci\u00f3n cient\u00edfica desde los territorios<\/p>\n","protected":false},"excerpt":{"rendered":"<p>Una destacada participaci\u00f3n tuvo la Regi\u00f3n de Coquimbo en la XXIIIFeria Ant\u00e1rtica Escolar (FAE) 2026, luego de que las estudiantes AshMolina, de tercero medio, y Alejandra Sandoval, de cuarto medio,del Liceo Polivalente Padre Jos\u00e9 Herde Pohler de la comuna de Canela,obtuvieran el primer lugar en la instancia nacional desarrollada enPunta Arenas.Llegaron junto a su profesor&#8230;<\/p>\n<p class=\"more-link-wrap\"><a href=\"https:\/\/www.juanpabloylas.cl\/inicio\/estudiantes-de-canela-obtienen-el-primerlugar-en-la-feria-antartica-escolar-del-ministerio-de-ciencia-y-tecnologia\/\" class=\"more-link\">Leer mas &#8230;<span class=\"screen-reader-text\"> &ldquo;Estudiantes de Canela obtienen el primerlugar en la Feria Ant\u00e1rtica Escolar del Ministerio de Ciencia y Tecnolog\u00eda.&rdquo;<\/span> &raquo;<\/a><\/p>\n","protected":false},"author":2,"featured_media":1508,"comment_status":"closed","ping_status":"open","sticky":false,"template":"","format":"standard","meta":{"footnotes":""},"categories":[3],"tags":[],"class_list":["post-1507","post","type-post","status-publish","format-standard","has-post-thumbnail","hentry","category-ciudad"],"nelio_popups_active_popup":"","_links":{"self":[{"href":"https:\/\/www.juanpabloylas.cl\/inicio\/wp-json\/wp\/v2\/posts\/1507","targetHints":{"allow":["GET"]}}],"collection":[{"href":"https:\/\/www.juanpabloylas.cl\/inicio\/wp-json\/wp\/v2\/posts"}],"about":[{"href":"https:\/\/www.juanpabloylas.cl\/inicio\/wp-json\/wp\/v2\/types\/post"}],"author":[{"embeddable":true,"href":"https:\/\/www.juanpabloylas.cl\/inicio\/wp-json\/wp\/v2\/users\/2"}],"replies":[{"embeddable":true,"href":"https:\/\/www.juanpabloylas.cl\/inicio\/wp-json\/wp\/v2\/comments?post=1507"}],"version-history":[{"count":1,"href":"https:\/\/www.juanpabloylas.cl\/inicio\/wp-json\/wp\/v2\/posts\/1507\/revisions"}],"predecessor-version":[{"id":1509,"href":"https:\/\/www.juanpabloylas.cl\/inicio\/wp-json\/wp\/v2\/posts\/1507\/revisions\/1509"}],"wp:featuredmedia":[{"embeddable":true,"href":"https:\/\/www.juanpabloylas.cl\/inicio\/wp-json\/wp\/v2\/media\/1508"}],"wp:attachment":[{"href":"https:\/\/www.juanpabloylas.cl\/inicio\/wp-json\/wp\/v2\/media?parent=1507"}],"wp:term":[{"taxonomy":"category","embeddable":true,"href":"https:\/\/www.juanpabloylas.cl\/inicio\/wp-json\/wp\/v2\/categories?post=1507"},{"taxonomy":"post_tag","embeddable":true,"href":"https:\/\/www.juanpabloylas.cl\/inicio\/wp-json\/wp\/v2\/tags?post=1507"}],"curies":[{"name":"wp","href":"https:\/\/api.w.org\/{rel}","templated":true}]}}